{"id":6311,"date":"2026-05-20T09:23:54","date_gmt":"2026-05-20T08:23:54","guid":{"rendered":"https:\/\/sepri.pt\/?p=6311"},"modified":"2026-05-20T09:23:54","modified_gmt":"2026-05-20T08:23:54","slug":"saude-mental-trabalho-riscos-psicossociais","status":"publish","type":"post","link":"https:\/\/sepri.pt\/en\/noticia\/saude-mental-trabalho-riscos-psicossociais\/","title":{"rendered":"Sa\u00fade Mental no Trabalho: a nova prioridade europeia para empresas saud\u00e1veis"},"content":{"rendered":"\t\t<div data-elementor-type=\"wp-post\" data-elementor-id=\"6311\" class=\"elementor elementor-6311\" data-elementor-post-type=\"post\">\n\t\t\t\t<div class=\"elementor-element elementor-element-6f2e11dc e-flex e-con-boxed wpr-particle-no wpr-jarallax-no wpr-parallax-no wpr-sticky-section-no wpr-column-slider-no wpr-equal-height-no e-con e-parent\" data-id=\"6f2e11dc\" data-element_type=\"container\" data-e-type=\"container\">\n\t\t\t\t\t<div class=\"e-con-inner\">\n\t\t\t\t<div class=\"elementor-element elementor-element-2e86b267 elementor-widget elementor-widget-text-editor\" data-id=\"2e86b267\" data-element_type=\"widget\" data-e-type=\"widget\" data-widget_type=\"text-editor.default\">\n\t\t\t\t\t\t\t\t\t<p>A sa\u00fade mental no trabalho tornou-se uma das maiores prioridades da Seguran\u00e7a e Sa\u00fade Ocupacional na Europa.<\/p><p class=\"isSelectedEnd\">Na sequ\u00eancia da nova campanha da Ag\u00eancia Europeia para a Seguran\u00e7a e Sa\u00fade no Trabalho (EU-OSHA) \u201c<a href=\"https:\/\/healthy-workplaces.osha.europa.eu\/en\" rel=\"nofollow noopener\" target=\"_blank\">Locais de Trabalho Seguros e Saud\u00e1veis 2026-2028<\/a>\u201d, surge a iniciativa \u201cJuntos pela Sa\u00fade Mental no Trabalho\u201d, focada na preven\u00e7\u00e3o e gest\u00e3o dos riscos psicossociais nas organiza\u00e7\u00f5es.<\/p><p>Assim, esta campanha reflete uma realidade cada vez mais evidente: os riscos psicossociais associados ao trabalho t\u00eam vindo a aumentar e representam hoje um desafio s\u00e9rio para empresas, trabalhadores e l\u00edderes organizacionais.<\/p><h2 class=\"wp-block-heading\">Porque \u00e9 que a sa\u00fade mental no trabalho se tornou uma prioridade?<\/h2><p data-pm-slice=\"1 1 []\">O contexto laboral mudou profundamente nos \u00faltimos anos.<\/p><p class=\"isSelectedEnd\">Press\u00e3o constante, ritmos acelerados, excesso de carga de trabalho, dificuldade em desligar, inseguran\u00e7a profissional, conflitos internos e desgaste emocional passaram a fazer parte da realidade de muitas organiza\u00e7\u00f5es.<\/p><p class=\"isSelectedEnd\">Nessa l\u00f3gica, as consequ\u00eancias s\u00e3o significativas:<\/p><ul data-spread=\"false\"><li>aumento do stress e burnout;<\/li><li>absentismo;<\/li><li>quebra de produtividade;<\/li><li>aumento da rotatividade;<\/li><li>maior probabilidade de acidentes de trabalho;<\/li><li>degrada\u00e7\u00e3o do ambiente organizacional.<\/li><\/ul><p class=\"isSelectedEnd\">Segundo a EU-OSHA, milh\u00f5es de trabalhadores europeus continuam expostos a fatores de risco psicossocial no contexto laboral, sendo que muitas empresas ainda n\u00e3o possuem mecanismos estruturados para identificar e prevenir estes riscos.<\/p><p>Hoje, proteger a sa\u00fade mental deixou de ser apenas uma quest\u00e3o de bem-estar individual. \u00c9 uma quest\u00e3o de sustentabilidade organizacional.<\/p><h2 class=\"wp-block-heading\">O que s\u00e3o riscos psicossociais?<\/h2><p>Os <a href=\"https:\/\/osha.europa.eu\/pt\/themes\/psychosocial-risks-and-mental-health\" rel=\"nofollow noopener\" target=\"_blank\">riscos psicossociais<\/a> correspondem a fatores relacionados com a organiza\u00e7\u00e3o, gest\u00e3o e contexto do trabalho que podem afetar negativamente a sa\u00fade psicol\u00f3gica e f\u00edsica dos trabalhadores.<\/p><p class=\"isSelectedEnd\">Como tal, entre os exemplos mais comuns encontram-se:<\/p><ul data-spread=\"false\"><li>press\u00e3o excessiva e prazos constantes;<\/li><li>carga de trabalho elevada;<\/li><li>conflitos interpessoais;<\/li><li>ass\u00e9dio moral ou viol\u00eancia;<\/li><li>hor\u00e1rios irregulares;<\/li><li>falta de apoio organizacional;<\/li><li>dificuldade em equilibrar vida pessoal e profissional;<\/li><li>ambientes de trabalho emocionalmente exigentes.<\/li><\/ul><p>Quando n\u00e3o s\u00e3o identificados e geridos atempadamente, estes fatores podem originar problemas graves de sa\u00fade f\u00edsica e mental.<\/p><h2 class=\"wp-block-heading\">As 5 prioridades da nova campanha europeia<\/h2><p>A iniciativa \u201c<a href=\"https:\/\/osha.europa.eu\/pt\/publications\/healthy-workplaces-campaign-flyer-together-mental-health-work\" rel=\"nofollow noopener\" target=\"_blank\">Juntos pela Sa\u00fade Mental no Trabalho<\/a>\u201d centra-se em cinco \u00e1reas priorit\u00e1rias:<\/p><h3>1. Avalia\u00e7\u00e3o e monitoriza\u00e7\u00e3o dos riscos psicossociais<\/h3><p>Identificar fatores de risco tornou-se essencial para prevenir problemas futuros e promover ambientes de trabalho mais seguros e equilibrados.<\/p><h3>2. Ass\u00e9dio e viol\u00eancia no trabalho<\/h3><p>A preven\u00e7\u00e3o de comportamentos abusivos e ambientes t\u00f3xicos \u00e9 fundamental para proteger a dignidade e seguran\u00e7a dos trabalhadores.<\/p><h3>3. Rela\u00e7\u00e3o entre riscos f\u00edsicos e sa\u00fade mental<\/h3><p>Os riscos f\u00edsicos e psicol\u00f3gicos est\u00e3o frequentemente interligados, influenciando-se mutuamente no desempenho e bem-estar das equipas.<\/p><h3>4. Sa\u00fade mental nos setores social e da sa\u00fade<\/h3><p>Profissionais destas \u00e1reas est\u00e3o particularmente expostos a desgaste emocional, press\u00e3o e sobrecarga psicol\u00f3gica.<\/p><h3>5. Sensibiliza\u00e7\u00e3o para a sa\u00fade mental no trabalho<\/h3><p>Promover culturas organizacionais mais abertas, preventivas e humanas \u00e9 uma das grandes metas da campanha.<\/p><h2>O papel das empresas na preven\u00e7\u00e3o<\/h2><p>As empresas t\u00eam hoje um papel cada vez mais ativo na promo\u00e7\u00e3o da sa\u00fade mental e preven\u00e7\u00e3o dos riscos psicossociais.<\/p><p class=\"isSelectedEnd\">Mais do que responder a problemas j\u00e1 instalados, torna-se essencial atuar preventivamente atrav\u00e9s de:<\/p><ul data-spread=\"false\"><li>avalia\u00e7\u00e3o de riscos psicossociais;<\/li><li>forma\u00e7\u00e3o e sensibiliza\u00e7\u00e3o;<\/li><li>melhoria da comunica\u00e7\u00e3o interna;<\/li><li>promo\u00e7\u00e3o de lideran\u00e7a saud\u00e1vel;<\/li><li>apoio psicol\u00f3gico;<\/li><li>monitoriza\u00e7\u00e3o do ambiente organizacional;<\/li><li>implementa\u00e7\u00e3o de pol\u00edticas de preven\u00e7\u00e3o.<\/li><\/ul><p>Empresas que investem no bem-estar das suas equipas tendem a beneficiar de ambientes mais produtivos, maior reten\u00e7\u00e3o de talento e rela\u00e7\u00f5es laborais mais saud\u00e1veis.<\/p><h2>Como a SEPRI apoia as empresas nesta \u00e1rea<\/h2><p class=\"isSelectedEnd\">Na SEPRI, acreditamos que pessoas saud\u00e1veis contribuem para empresas mais fortes, sustent\u00e1veis e resilientes.<\/p><p class=\"isSelectedEnd\">Acompanhamos organiza\u00e7\u00f5es na promo\u00e7\u00e3o da sa\u00fade ocupacional e bem-estar laboral atrav\u00e9s de solu\u00e7\u00f5es integradas como:<\/p><ul data-spread=\"false\"><li>avalia\u00e7\u00f5es de riscos psicossociais;<\/li><li>forma\u00e7\u00e3o em sa\u00fade mental no trabalho;<\/li><li>programas de preven\u00e7\u00e3o;<\/li><li>servi\u00e7os de psicologia no trabalho;<\/li><li>apoio t\u00e9cnico especializado em Seguran\u00e7a e Sa\u00fade no Trabalho.<\/li><\/ul><p>A preven\u00e7\u00e3o continua a ser a ferramenta mais eficaz para proteger pessoas, equipas e organiza\u00e7\u00f5es.<\/p>\t\t\t\t\t\t\t\t<\/div>\n\t\t\t\t\t<\/div>\n\t\t\t\t<\/div>\n\t\t\t\t<\/div>\n\t\t","protected":false},"excerpt":{"rendered":"<p>A sa\u00fade mental no trabalho tornou-se uma prioridade estrat\u00e9gica para as empresas europeias. Na sequ\u00eancia da nova campanha da EU-OSHA \u201cLocais de Trabalho Seguros e Saud\u00e1veis 2026-2028\u201d, a iniciativa \u201cJuntos pela Sa\u00fade Mental no Trabalho\u201d alerta para a crescente import\u00e2ncia da preven\u00e7\u00e3o dos riscos psicossociais nas organiza\u00e7\u00f5es. Descubra quais os principais desafios ligados ao stress, burnout e bem-estar laboral, e conhe\u00e7a o papel das empresas na cria\u00e7\u00e3o de ambientes de trabalho mais saud\u00e1veis, seguros e sustent\u00e1veis.<\/p>\n","protected":false},"author":3,"featured_media":6316,"comment_status":"closed","ping_status":"closed","sticky":false,"template":"","format":"standard","meta":{"_acf_changed":false,"inline_featured_image":false,"footnotes":""},"categories":[1],"tags":[153,101,189,128,188,187,95,74,159,158,190],"class_list":["post-6311","post","type-post","status-publish","format-standard","has-post-thumbnail","hentry","category-sem-categoria","tag-bem-estar-laboral","tag-burnout","tag-eu-osha","tag-medicina-no-trabalho","tag-psicologia-no-trabalho","tag-riscos-psicossociais","tag-saude-mental","tag-saude-ocupacional","tag-saude-ocupacional-porto","tag-seguranca-no-trabalho","tag-sst"],"acf":[],"_links":{"self":[{"href":"https:\/\/sepri.pt\/en\/wp-json\/wp\/v2\/posts\/6311","targetHints":{"allow":["GET"]}}],"collection":[{"href":"https:\/\/sepri.pt\/en\/wp-json\/wp\/v2\/posts"}],"about":[{"href":"https:\/\/sepri.pt\/en\/wp-json\/wp\/v2\/types\/post"}],"author":[{"embeddable":true,"href":"https:\/\/sepri.pt\/en\/wp-json\/wp\/v2\/users\/3"}],"replies":[{"embeddable":true,"href":"https:\/\/sepri.pt\/en\/wp-json\/wp\/v2\/comments?post=6311"}],"version-history":[{"count":8,"href":"https:\/\/sepri.pt\/en\/wp-json\/wp\/v2\/posts\/6311\/revisions"}],"predecessor-version":[{"id":6322,"href":"https:\/\/sepri.pt\/en\/wp-json\/wp\/v2\/posts\/6311\/revisions\/6322"}],"wp:featuredmedia":[{"embeddable":true,"href":"https:\/\/sepri.pt\/en\/wp-json\/wp\/v2\/media\/6316"}],"wp:attachment":[{"href":"https:\/\/sepri.pt\/en\/wp-json\/wp\/v2\/media?parent=6311"}],"wp:term":[{"taxonomy":"category","embeddable":true,"href":"https:\/\/sepri.pt\/en\/wp-json\/wp\/v2\/categories?post=6311"},{"taxonomy":"post_tag","embeddable":true,"href":"https:\/\/sepri.pt\/en\/wp-json\/wp\/v2\/tags?post=6311"}],"curies":[{"name":"wp","href":"https:\/\/api.w.org\/{rel}","templated":true}]}}