{"id":7777,"date":"2026-09-01T17:30:22","date_gmt":"2026-09-01T16:30:22","guid":{"rendered":"https:\/\/sepri.pt\/?p=7777"},"modified":"2026-09-01T18:29:08","modified_gmt":"2026-09-01T17:29:08","slug":"cuidados-continuados-ao-domicilio-em-braga-doenca-cronica-dependencia-e-fim-de-vida","status":"publish","type":"post","link":"https:\/\/sepri.pt\/en\/noticia\/cuidados-continuados-ao-domicilio-em-braga-doenca-cronica-dependencia-e-fim-de-vida\/","title":{"rendered":"Cuidados Continuados ao Domic\u00edlio em Braga \u2014 Doen\u00e7a Cr\u00f3nica, Depend\u00eancia e Fim de Vida"},"content":{"rendered":"\t\t<div data-elementor-type=\"wp-post\" data-elementor-id=\"7777\" class=\"elementor elementor-7777\" data-elementor-post-type=\"post\">\n\t\t\t\t<div class=\"elementor-element elementor-element-6b84217 e-flex e-con-boxed wpr-particle-no wpr-jarallax-no wpr-parallax-no wpr-sticky-section-no wpr-column-slider-no wpr-equal-height-no e-con e-parent\" data-id=\"6b84217\" data-element_type=\"container\" data-e-type=\"container\">\n\t\t\t\t\t<div class=\"e-con-inner\">\n\t\t\t\t<div class=\"elementor-element elementor-element-e84b7e0 elementor-widget elementor-widget-text-editor\" data-id=\"e84b7e0\" data-element_type=\"widget\" data-e-type=\"widget\" data-widget_type=\"text-editor.default\">\n\t\t\t\t\t\t\t\t\t<p dir=\"ltr\">Quando um familiar precisa de cuidados todos os dias \u2014 seja porque tem uma doen\u00e7a cr\u00f3nica que avan\u00e7a, porque ficou dependente ap\u00f3s um AVC, porque tem cancro em fase avan\u00e7ada, ou simplesmente porque j\u00e1 n\u00e3o consegue cuidar de si sozinho \u2014 a fam\u00edlia confronta-se com uma realidade que ningu\u00e9m ensina: como garantir cuidados de qualidade em casa, sem forma\u00e7\u00e3o de sa\u00fade?<\/p><p dir=\"ltr\">A resposta que muitas fam\u00edlias encontram \u00e9 contratar uma auxiliar ou cuidadora informal. \u00c9 uma solu\u00e7\u00e3o compreens\u00edvel e muitas vezes necess\u00e1ria \u2014 mas h\u00e1 situa\u00e7\u00f5es em que n\u00e3o \u00e9 suficiente. Este artigo explica o que s\u00e3o cuidados continuados ao domic\u00edlio, quando \u00e9 que um enfermeiro faz a diferen\u00e7a, e como a SEPRI 24 apoia fam\u00edlias no distrito de Braga e regi\u00e3o nesta fase exigente.<\/p><h2 dir=\"ltr\">O que s\u00e3o cuidados continuados ao domic\u00edlio<\/h2><p dir=\"ltr\">Os cuidados continuados s\u00e3o cuidados de sa\u00fade prestados de forma regular e prolongada a pessoas que, por doen\u00e7a cr\u00f3nica, depend\u00eancia ou situa\u00e7\u00e3o paliativa, necessitam de acompanhamento profissional cont\u00ednuo \u2014 mas preferem, ou t\u00eam condi\u00e7\u00f5es para, permanecer em casa.<\/p><p dir=\"ltr\">A <a href=\"https:\/\/www.sns.gov.pt\/sns-saude-mais\/cuidados-continuados\/\" rel=\"nofollow noopener\" target=\"_blank\">Rede Nacional de Cuidados Continuados Integrados (RNCCI)<\/a> define como objetivo central promover a presta\u00e7\u00e3o de cuidados no domic\u00edlio \u00e0s pessoas com perda de funcionalidade, sempre que este apoio garanta os cuidados terap\u00eauticos e o apoio social necess\u00e1rios \u00e0 manuten\u00e7\u00e3o do conforto e qualidade de vida. Na pr\u00e1tica, as listas de espera e os recursos limitados do SNS fazem com que muitas fam\u00edlias recorram ao setor privado para garantir este acompanhamento em tempo \u00fatil.<\/p><p dir=\"ltr\">Os cuidados continuados ao domic\u00edlio podem ser necess\u00e1rios em situa\u00e7\u00f5es muito diferentes:<\/p><ul dir=\"ltr\"><li>Doen\u00e7a cr\u00f3nica com depend\u00eancia crescente\u00a0<\/li><li>Sequela de AVC ou fratura com perda de autonomia<\/li><li>Doen\u00e7a oncol\u00f3gica em qualquer fase \u2014 tratamento ativo, monitoriza\u00e7\u00e3o ou fase paliativa<\/li><li>Depend\u00eancia por idade avan\u00e7ada\u00a0<\/li><li>Alta hospitalar com necessidade de continuidade de cuidados em casa<\/li><li>Situa\u00e7\u00e3o de fim de vida com desejo de permanecer no domic\u00edlio<\/li><\/ul><div><h3 dir=\"ltr\">\u00a0<\/h3><h3 dir=\"ltr\">Os riscos cl\u00ednicos que a fam\u00edlia n\u00e3o v\u00ea \u2014 e o enfermeiro sim<\/h3><p dir=\"ltr\">A pessoa com doen\u00e7a cr\u00f3nica ou depend\u00eancia em casa acumula riscos cl\u00ednicos que evoluem silenciosamente quando n\u00e3o s\u00e3o monitorizados por profissionais com forma\u00e7\u00e3o:<\/p><p dir=\"ltr\"><strong>\u00dalceras de press\u00e3o (escaras)<\/strong> \u2014 cerca de 80% das pessoas com mobilidade muito reduzida em contexto domicili\u00e1rio acabam por desenvolver \u00falceras de press\u00e3o. Come\u00e7am como uma zona avermelhada e podem progredir rapidamente para feridas profundas com risco de infe\u00e7\u00e3o grave.<\/p><p dir=\"ltr\"><strong>Descompensa\u00e7\u00e3o da doen\u00e7a cr\u00f3nica<\/strong> \u2014 valores de tens\u00e3o arterial ou glicemia fora do intervalo durante semanas, sem dete\u00e7\u00e3o, resultam em complica\u00e7\u00f5es que poderiam ter sido evitadas com monitoriza\u00e7\u00e3o regular.<\/p><p dir=\"ltr\"><strong>Infe\u00e7\u00f5es urin\u00e1rias e respirat\u00f3rias<\/strong> \u2014 muito frequentes em pessoas dependentes, e que num organismo debilitado podem evoluir para quadros graves.<\/p><p dir=\"ltr\"><strong>Desnutri\u00e7\u00e3o e desidrata\u00e7\u00e3o<\/strong> \u2014 frequentemente subdiagnosticadas, afetam diretamente a cicatriza\u00e7\u00e3o, a imunidade e a qualidade de vida.<\/p><p dir=\"ltr\"><strong>Efeitos adversos da medica\u00e7\u00e3o<\/strong> \u2014 a polimedica\u00e7\u00e3o comum nas doen\u00e7as cr\u00f3nicas aumenta o risco de intera\u00e7\u00f5es e efeitos adversos que um enfermeiro consegue identificar precocemente.<\/p><p dir=\"ltr\">Nenhum destes riscos \u00e9 inevit\u00e1vel. Todos podem ser prevenidos ou controlados com cuidados profissionais adequados e regulares. Contacte a SEPRI Servi\u00e7os de Sa\u00fade 24 atrav\u00e9s do <b>917 597 297,<\/b> dispon\u00edvel tamb\u00e9m no <i>whatsapp <\/i>ou preencha o <a href=\"https:\/\/empresassaudaveis.sepri.pt\/enfermagem-domicilio-braga\/\">formul\u00e1rio de contacto<\/a>.<\/p><h2 dir=\"ltr\">Cuidados ao domic\u00edlio: auxiliar informal ou enfermeiro?<\/h2><p dir=\"ltr\">Uma auxiliar de apoio domicili\u00e1rio tem um papel importante: apoia na higiene, na alimenta\u00e7\u00e3o, na mobiliza\u00e7\u00e3o b\u00e1sica e na companhia. Mas h\u00e1 situa\u00e7\u00f5es em que \u00e9 necess\u00e1rio forma\u00e7\u00e3o cl\u00ednica:<\/p><p dir=\"ltr\"><strong>Avalia\u00e7\u00e3o e preven\u00e7\u00e3o de escaras<\/strong> \u2014 um enfermeiro avalia o grau de risco com escalas cl\u00ednicas validadas, implementa protocolos de posicionamento e identifica sinais precoces de les\u00e3o antes que se tornem feridas. Uma auxiliar pode executar posicionamentos, mas n\u00e3o tem forma\u00e7\u00e3o para avaliar o risco nem decidir o protocolo correto.<\/p><p dir=\"ltr\"><strong>Tratamento de feridas complexas<\/strong> \u2014 uma escara de grau II ou superior exige avalia\u00e7\u00e3o do tipo de exsudado, escolha do penso adequado, decis\u00e3o sobre desbridamento e referencia\u00e7\u00e3o m\u00e9dica quando necess\u00e1rio.\u00a0<\/p><p dir=\"ltr\"><strong>Gest\u00e3o de dispositivos cl\u00ednicos<\/strong> \u2014 alg\u00e1lias, sondas nasog\u00e1stricas, cateteres e traqueostomias requerem manuten\u00e7\u00e3o t\u00e9cnica especializada. Uma alg\u00e1lia mal cuidada \u00e9 uma fonte de infe\u00e7\u00e3o; uma sonda mal posicionada pode causar aspira\u00e7\u00e3o.<\/p><p dir=\"ltr\"><strong>Administra\u00e7\u00e3o de medica\u00e7\u00e3o injet\u00e1vel<\/strong> \u2014 insulina, anticoagulantes, antibi\u00f3ticos e outros injet\u00e1veis prescritos pelo m\u00e9dico podem ser administrados por enfermeiro.\u00a0<\/p><p dir=\"ltr\"><strong>Monitoriza\u00e7\u00e3o cl\u00ednica e dete\u00e7\u00e3o precoce<\/strong> \u2014 um enfermeiro reconhece sinais precoces de deteriora\u00e7\u00e3o \u2014 altera\u00e7\u00e3o da consci\u00eancia, sinais de infe\u00e7\u00e3o, descompensa\u00e7\u00e3o card\u00edaca ou respirat\u00f3ria.<\/p><p dir=\"ltr\"><strong>Comunica\u00e7\u00e3o com o m\u00e9dico assistente<\/strong> \u2014 o enfermeiro ao domic\u00edlio funciona como elo entre a fam\u00edlia e o m\u00e9dico, transmitindo informa\u00e7\u00e3o cl\u00ednica relevante e contribuindo para decis\u00f5es terap\u00eauticas informadas.<\/p><p dir=\"ltr\">\u00a0<\/p><p dir=\"ltr\">\u00a0<\/p><\/div>\t\t\t\t\t\t\t\t<\/div>\n\t\t\t\t<div class=\"elementor-element elementor-element-24deb0e elementor-widget elementor-widget-text-editor\" data-id=\"24deb0e\" data-element_type=\"widget\" data-e-type=\"widget\" data-widget_type=\"text-editor.default\">\n\t\t\t\t\t\t\t\t\t<table><thead><tr><th>Situa\u00e7\u00e3o<\/th><th>Auxiliar<\/th><th>Enfermeiro<\/th><\/tr><\/thead><tbody><tr><td>Higiene e alimenta\u00e7\u00e3o<\/td><td><img decoding=\"async\" class=\"emoji\" role=\"img\" draggable=\"false\" src=\"https:\/\/s.w.org\/images\/core\/emoji\/17.0.2\/svg\/2705.svg\" alt=\"\u2705\" title=\"\"><\/td><td><img decoding=\"async\" class=\"emoji\" role=\"img\" draggable=\"false\" src=\"https:\/\/s.w.org\/images\/core\/emoji\/17.0.2\/svg\/2705.svg\" alt=\"\u2705\" title=\"\"><\/td><\/tr><tr><td>Companhia e mobiliza\u00e7\u00e3o b\u00e1sica<\/td><td><img decoding=\"async\" class=\"emoji\" role=\"img\" draggable=\"false\" src=\"https:\/\/s.w.org\/images\/core\/emoji\/17.0.2\/svg\/2705.svg\" alt=\"\u2705\" title=\"\"><\/td><td><img decoding=\"async\" class=\"emoji\" role=\"img\" draggable=\"false\" src=\"https:\/\/s.w.org\/images\/core\/emoji\/17.0.2\/svg\/2705.svg\" alt=\"\u2705\" title=\"\"><\/td><\/tr><tr><td>Coloca\u00e7\u00e3o de alg\u00e1lias e\/ou sonda nasog\u00e1strica<\/td><td><img decoding=\"async\" class=\"emoji\" role=\"img\" draggable=\"false\" src=\"https:\/\/s.w.org\/images\/core\/emoji\/17.0.2\/svg\/274c.svg\" alt=\"\u274c\" title=\"\"><\/td><td><img decoding=\"async\" class=\"emoji\" role=\"img\" draggable=\"false\" src=\"https:\/\/s.w.org\/images\/core\/emoji\/17.0.2\/svg\/2705.svg\" alt=\"\u2705\" title=\"\"><\/td><\/tr><tr><td>Avalia\u00e7\u00e3o de risco de escaras<\/td><td><img decoding=\"async\" class=\"emoji\" role=\"img\" draggable=\"false\" src=\"https:\/\/s.w.org\/images\/core\/emoji\/17.0.2\/svg\/274c.svg\" alt=\"\u274c\" title=\"\"><\/td><td><img decoding=\"async\" class=\"emoji\" role=\"img\" draggable=\"false\" src=\"https:\/\/s.w.org\/images\/core\/emoji\/17.0.2\/svg\/2705.svg\" alt=\"\u2705\" title=\"\"><\/td><\/tr><tr><td>Tratamento de feridas<\/td><td><img decoding=\"async\" class=\"emoji\" role=\"img\" draggable=\"false\" src=\"https:\/\/s.w.org\/images\/core\/emoji\/17.0.2\/svg\/274c.svg\" alt=\"\u274c\" title=\"\"><\/td><td><img decoding=\"async\" class=\"emoji\" role=\"img\" draggable=\"false\" src=\"https:\/\/s.w.org\/images\/core\/emoji\/17.0.2\/svg\/2705.svg\" alt=\"\u2705\" title=\"\"><\/td><\/tr><tr><td>Inje\u00e7\u00f5es e medica\u00e7\u00e3o injet\u00e1vel<\/td><td><img decoding=\"async\" class=\"emoji\" role=\"img\" draggable=\"false\" src=\"https:\/\/s.w.org\/images\/core\/emoji\/17.0.2\/svg\/274c.svg\" alt=\"\u274c\" title=\"\"><\/td><td><img decoding=\"async\" class=\"emoji\" role=\"img\" draggable=\"false\" src=\"https:\/\/s.w.org\/images\/core\/emoji\/17.0.2\/svg\/2705.svg\" alt=\"\u2705\" title=\"\"><\/td><\/tr><tr><td>Monitoriza\u00e7\u00e3o cl\u00ednica<\/td><td><img decoding=\"async\" class=\"emoji\" role=\"img\" draggable=\"false\" src=\"https:\/\/s.w.org\/images\/core\/emoji\/17.0.2\/svg\/274c.svg\" alt=\"\u274c\" title=\"\"><\/td><td><img decoding=\"async\" class=\"emoji\" role=\"img\" draggable=\"false\" src=\"https:\/\/s.w.org\/images\/core\/emoji\/17.0.2\/svg\/2705.svg\" alt=\"\u2705\" title=\"\"><\/td><\/tr><tr><td>Dete\u00e7\u00e3o precoce de deteriora\u00e7\u00e3o<\/td><td><img decoding=\"async\" class=\"emoji\" role=\"img\" draggable=\"false\" src=\"https:\/\/s.w.org\/images\/core\/emoji\/17.0.2\/svg\/274c.svg\" alt=\"\u274c\" title=\"\"><\/td><td><img decoding=\"async\" class=\"emoji\" role=\"img\" draggable=\"false\" src=\"https:\/\/s.w.org\/images\/core\/emoji\/17.0.2\/svg\/2705.svg\" alt=\"\u2705\" title=\"\"><\/td><\/tr><tr><td>Cuidados paliativos<\/td><td><img decoding=\"async\" class=\"emoji\" role=\"img\" draggable=\"false\" src=\"https:\/\/s.w.org\/images\/core\/emoji\/17.0.2\/svg\/274c.svg\" alt=\"\u274c\" title=\"\"><\/td><td><img decoding=\"async\" class=\"emoji\" role=\"img\" draggable=\"false\" src=\"https:\/\/s.w.org\/images\/core\/emoji\/17.0.2\/svg\/2705.svg\" alt=\"\u2705\" title=\"\"><\/td><\/tr><tr><td>Comunica\u00e7\u00e3o com o m\u00e9dico<\/td><td><img decoding=\"async\" class=\"emoji\" role=\"img\" draggable=\"false\" src=\"https:\/\/s.w.org\/images\/core\/emoji\/17.0.2\/svg\/274c.svg\" alt=\"\u274c\" title=\"\"><\/td><td><img decoding=\"async\" class=\"emoji\" role=\"img\" draggable=\"false\" src=\"https:\/\/s.w.org\/images\/core\/emoji\/17.0.2\/svg\/2705.svg\" alt=\"\u2705\" title=\"\"><\/td><\/tr><\/tbody><\/table>\t\t\t\t\t\t\t\t<\/div>\n\t\t\t\t<div class=\"elementor-element elementor-element-edf949d elementor-widget elementor-widget-text-editor\" data-id=\"edf949d\" data-element_type=\"widget\" data-e-type=\"widget\" data-widget_type=\"text-editor.default\">\n\t\t\t\t\t\t\t\t\t<p dir=\"ltr\">\n<\/p><div>\n<h3 dir=\"ltr\">Cuidados continuados em fim de vida em casa<\/h3>\n<p dir=\"ltr\">\u00c9 cada vez mais a op\u00e7\u00e3o preferida pelas fam\u00edlias e recomendada pelos profissionais de sa\u00fade. Permanecer em casa nos \u00faltimos meses ou semanas de vida tem impacto positivo comprovado no bem-estar do doente e da fam\u00edlia, desde que exista suporte profissional adequado.<\/p>\n<p dir=\"ltr\">O enfermeiro em contexto paliativo domicili\u00e1rio tem um papel espec\u00edfico:<\/p>\n<p dir=\"ltr\"><strong>Controlo de sintomas<\/strong> \u2014 dor, n\u00e1useas, agita\u00e7\u00e3o e ansiedade t\u00eam protocolos de gest\u00e3o que o enfermeiro implementa em articula\u00e7\u00e3o com o m\u00e9dico.<\/p>\n<p dir=\"ltr\"><strong>Conforto e higiene no leito<\/strong> \u2014 cuidados de higiene com t\u00e9cnica adequada, preven\u00e7\u00e3o e tratamento de escaras, posicionamento para al\u00edvio de dor e press\u00e3o.<\/p>\n<p dir=\"ltr\"><strong>Gest\u00e3o de medica\u00e7\u00e3o paliativa<\/strong> \u2014 muitos doentes em fim de vida t\u00eam medica\u00e7\u00e3o subcut\u00e2nea ou em perfus\u00e3o que exige vigil\u00e2ncia e ajuste frequente.<\/p>\n<p dir=\"ltr\"><strong>Apoio \u00e0 fam\u00edlia<\/strong> \u2014 ensinar os familiares a lidar com a situa\u00e7\u00e3o, a reconhecer sinais, a prestar conforto e a saber quando contactar o enfermeiro ou o m\u00e9dico.&nbsp;<\/p>\n<h3 dir=\"ltr\">O que faz a SEPRI 24 nos cuidados continuados ao domic\u00edlio em Braga<\/h3>\n<p dir=\"ltr\">A <a href=\"https:\/\/empresassaudaveis.sepri.pt\/enfermagem-domicilio-braga\/\">SEPRI 24<\/a> disponibiliza no distrito de Braga e regi\u00e3o cuidados continuados de enfermagem ao domic\u00edlio com planos de visitas adaptados a cada situa\u00e7\u00e3o:<\/p>\n<ul dir=\"ltr\">\n<li>Avalia\u00e7\u00e3o e preven\u00e7\u00e3o de \u00falceras de press\u00e3o<\/li>\n<li>Tratamento de feridas simples e complexas<\/li>\n<li>Cuidados a alg\u00e1lias, sondas e outros dispositivos cl\u00ednicos<\/li>\n<li>Administra\u00e7\u00e3o de injet\u00e1veis&nbsp;<\/li>\n<li>Monitoriza\u00e7\u00e3o cl\u00ednica regular com registo sistem\u00e1tico<\/li>\n<li>Higiene e conforto em doentes com mobilidade reduzida<\/li>\n<li>Apoio e ensino ao cuidador familiar<\/li>\n<li>Articula\u00e7\u00e3o com m\u00e9dico ao domic\u00edlio quando necess\u00e1rio<\/li>\n<\/ul>\n<p dir=\"ltr\">As visitas podem ser di\u00e1rias, em dias alternados, semanais ou com outra frequ\u00eancia definida em conjunto com a fam\u00edlia e o m\u00e9dico assistente.&nbsp;<span style=\"font-size: 0.87rem;\">Contacte a SEPRI Servi\u00e7os de Sa\u00fade 24 atrav\u00e9s do<\/span> <span style=\"font-size: 0.87rem; font-weight: bold;\">917 597 297,<\/span> <span style=\"font-size: 0.87rem;\">dispon\u00edvel tamb\u00e9m no<\/span> <i style=\"font-size: 0.87rem;\">whatsapp <\/i><span style=\"font-size: 0.87rem;\">ou preencha o<\/span> <a style=\"font-size: 0.87rem; background-color: #ffffff;\" href=\"https:\/\/empresassaudaveis.sepri.pt\/enfermagem-domicilio-braga\/\">formul\u00e1rio de contacto<\/a><span style=\"font-size: 0.87rem;\">.<\/span><\/p>\n<\/div>\n<h3 dir=\"ltr\">Perguntas frequentes<\/h3>\n<p dir=\"ltr\"><strong>Com que frequ\u00eancia o enfermeiro precisa de ir a casa?<\/strong><br>Depende da situa\u00e7\u00e3o. Pode variar entre visitas di\u00e1rias (feridas ativas, injet\u00e1veis di\u00e1rios, situa\u00e7\u00e3o paliativa inst\u00e1vel) e duas a tr\u00eas vezes por semana (monitoriza\u00e7\u00e3o e pensos regulares). A SEPRI 24 avalia cada caso e prop\u00f5e um plano adaptado.<\/p>\n<p dir=\"ltr\"><strong>Os cuidados continuados da SEPRI 24 cobrem Guimar\u00e3es, Barcelos e Famalic\u00e3o?<\/strong><br>Sim. A SEPRI 24 cobre Braga cidade e os principais concelhos do distrito, incluindo Guimar\u00e3es, Barcelos, Vila Nova de Famalic\u00e3o, Esposende e Amares. Contacte-nos para confirmar cobertura na sua localiza\u00e7\u00e3o espec\u00edfica.<\/p>\n<p dir=\"ltr\"><strong>O enfermeiro ao domic\u00edlio substitui o m\u00e9dico de fam\u00edlia?<\/strong><br>N\u00e3o. O enfermeiro executa os cuidados cl\u00ednicos e monitoriza a evolu\u00e7\u00e3o. Quando h\u00e1 altera\u00e7\u00f5es que requerem avalia\u00e7\u00e3o m\u00e9dica, articula com o m\u00e9dico assistente ou, se necess\u00e1rio, a SEPRI 24 disponibiliza tamb\u00e9m <a href=\"https:\/\/sepri.pt\/noticia\/medico-domicilio-braga-consulta-casa-qualquer-hora\/\">m\u00e9dico ao domic\u00edlio<\/a> em Braga.<\/p>\n<p dir=\"ltr\"><strong>Existe algum per\u00edodo m\u00ednimo de contrato?<\/strong><br>N\u00e3o. A SEPRI 24 trabalha por visita ou por plano de visitas regular \u2014 sem contrato m\u00ednimo. A fam\u00edlia paga apenas pelos cuidados que precisa.<\/p>\n<p dir=\"ltr\">Contacte a SEPRI Servi\u00e7os de Sa\u00fade 24 atrav\u00e9s do <span style=\"font-weight: bold;\">917 597 297,<\/span> dispon\u00edvel tamb\u00e9m no <i>whatsapp <\/i>ou preencha o <a style=\"background-color: #ffffff;\" href=\"https:\/\/empresassaudaveis.sepri.pt\/enfermagem-domicilio-braga\/\">formul\u00e1rio de contacto<\/a>.<\/p>\n<p dir=\"ltr\"><em>A SEPRI 24 \u00e9 um servi\u00e7o privado de m\u00e9dico e enfermeiro ao domic\u00edlio do Grupo SEPRI, com mais de 30 anos de experi\u00eancia em sa\u00fade em Portugal. Dispon\u00edvel em Braga e regi\u00e3o, 24 horas por dia, 365 dias por ano.<\/em><\/p>\t\t\t\t\t\t\t\t<\/div>\n\t\t\t\t\t<\/div>\n\t\t\t\t<\/div>\n\t\t\t\t<\/div>\n\t\t","protected":false},"excerpt":{"rendered":"<p>Cuidados continuados ao domic\u00edlio em Braga para pessoas com doen\u00e7a cr\u00f3nica, depend\u00eancia ou em fase terminal. O que faz um enfermeiro e porque \u00e9 diferente de uma auxiliar. SEPRI 24 \u2014 24h.<\/p>\n","protected":false},"author":2,"featured_media":7645,"comment_status":"closed","ping_status":"closed","sticky":false,"template":"","format":"standard","meta":{"_acf_changed":false,"inline_featured_image":false,"footnotes":""},"categories":[1],"tags":[233,234],"class_list":["post-7777","post","type-post","status-publish","format-standard","has-post-thumbnail","hentry","category-sem-categoria","tag-cuidados-saude-ao-domicilio","tag-enfermagem-ao-domicilio"],"acf":[],"_links":{"self":[{"href":"https:\/\/sepri.pt\/en\/wp-json\/wp\/v2\/posts\/7777","targetHints":{"allow":["GET"]}}],"collection":[{"href":"https:\/\/sepri.pt\/en\/wp-json\/wp\/v2\/posts"}],"about":[{"href":"https:\/\/sepri.pt\/en\/wp-json\/wp\/v2\/types\/post"}],"author":[{"embeddable":true,"href":"https:\/\/sepri.pt\/en\/wp-json\/wp\/v2\/users\/2"}],"replies":[{"embeddable":true,"href":"https:\/\/sepri.pt\/en\/wp-json\/wp\/v2\/comments?post=7777"}],"version-history":[{"count":24,"href":"https:\/\/sepri.pt\/en\/wp-json\/wp\/v2\/posts\/7777\/revisions"}],"predecessor-version":[{"id":7803,"href":"https:\/\/sepri.pt\/en\/wp-json\/wp\/v2\/posts\/7777\/revisions\/7803"}],"wp:featuredmedia":[{"embeddable":true,"href":"https:\/\/sepri.pt\/en\/wp-json\/wp\/v2\/media\/7645"}],"wp:attachment":[{"href":"https:\/\/sepri.pt\/en\/wp-json\/wp\/v2\/media?parent=7777"}],"wp:term":[{"taxonomy":"category","embeddable":true,"href":"https:\/\/sepri.pt\/en\/wp-json\/wp\/v2\/categories?post=7777"},{"taxonomy":"post_tag","embeddable":true,"href":"https:\/\/sepri.pt\/en\/wp-json\/wp\/v2\/tags?post=7777"}],"curies":[{"name":"wp","href":"https:\/\/api.w.org\/{rel}","templated":true}]}}